{
    "id": 2916,
    "date": "2010-02-08T15:06:03",
    "date_gmt": "2010-02-08T15:06:03",
    "guid": {
        "rendered": "http:\/\/mallinuket.fi\/?product=torso-herr"
    },
    "modified": "2026-08-02T07:56:43",
    "modified_gmt": "2026-08-02T07:56:43",
    "slug": "torso-herr-4",
    "status": "publish",
    "type": "product",
    "link": "https:\/\/mallinuket.fi\/sv\/product\/torso-herr-4\/",
    "title": {
        "rendered": "Torso herr"
    },
    "content": {
        "rendered": "<p>En headless torso i glasfiber av h\u00f6g kvalit\u00e8 och bra finish. Passar<\/p>",
        "protected": false
    },
    "excerpt": {
        "rendered": "<p>En headless torso i glasfiber av h\u00f6g kvalit\u00e8 och bra finish. Passar att st\u00e5 p\u00e5 podie, hylla eller stativ.<\/p>\n<p>Nackf\u00e4ste samt wire ing\u00e5r.<br \/> Stativ ing\u00e5r EJ. Se tillbeh\u00f6r i bild bredvid.<\/p>\n<p>Modellen finns i vit eller svart.<\/p>\n<p><b>Modellbeskrivning<\/b><\/p>\n<table border=\"0\" cellspacing=\"0\" cellpadding=\"0\" width=\"338\">\n<tbody>\n<tr>\n<td>\u00a0<\/td>\n<td>Modell<\/td>\n<td>Herr<\/td>\n<\/tr>\n<tr>\n<td width=\"10\">\u00a0<\/td>\n<td width=\"59\">Storlek<\/td>\n<td width=\"220\">48<\/td>\n<\/tr>\n<tr>\n<td>\u00a0<\/td>\n<td>H\u00f6jd<\/td>\n<td>97 cm<\/td>\n<\/tr>\n<tr>\n<td>\u00a0<\/td>\n<td>Byst<\/td>\n<td>100\u00a0cm<\/td>\n<\/tr>\n<tr>\n<td>\u00a0<\/td>\n<td>Midja<\/td>\n<td>80\u00a0cm<\/td>\n<\/tr>\n<tr>\n<td>\u00a0<\/td>\n<td>H\u00f6ft<\/td>\n<td>89\u00a0cm<\/td>\n<\/tr>\n<tr>\n<td>\u00a0<\/td>\n<td>\u00a0<\/td>\n<td>\u00a0<\/td>\n<\/tr>\n<tr>\n<td>\u00a0<\/td>\n<td>Material<\/td>\n<td>Glasfiber<\/td>\n<\/tr>\n<tr>\n<td>\u00a0<\/td>\n<td>Stativ<\/td>\n<td>EMC-101\u00a0eller EMC-102<\/td>\n<\/tr>\n<tr>\n<td>\u00a0<\/td>\n<td>Skostrl<\/td>\n<td>&#8211; &#8211; &#8211;<\/td>\n<\/tr>\n<tr>\n<td>\u00a0<\/td>\n<td>\u00a0<\/td>\n<td>\u00a0<\/td>\n<\/tr>\n<tr>\n<td>\u00a0<\/td>\n<td>M\u00e4rke<\/td>\n<td>EMC \u00ae<\/td>\n<\/tr>\n<\/tbody>\n<\/table>",
        "protected": false
    },
    "featured_media": 2917,
    "comment_status": "open",
    "ping_status": "closed",
    "template": "",
    "meta": [],
    "product_brand": [
        137
    ],
    "product_cat": [
        185
    ],
    "product_tag": [],
    "class_list": [
        "post-2916",
        "product",
        "type-product",
        "status-publish",
        "has-post-thumbnail",
        "product_brand-mf110-159744",
        "product_cat-glasfiber",
        "first",
        "instock",
        "taxable",
        "shipping-taxable",
        "purchasable",
        "product-type-simple"
    ],
    "_links": {
        "self": [
            {
                "href": "https:\/\/mallinuket.fi\/sv\/wp-json\/wp\/v2\/product\/2916",
                "targetHints": {
                    "allow": [
                        "GET"
                    ]
                }
            }
        ],
        "collection": [
            {
                "href": "https:\/\/mallinuket.fi\/sv\/wp-json\/wp\/v2\/product"
            }
        ],
        "about": [
            {
                "href": "https:\/\/mallinuket.fi\/sv\/wp-json\/wp\/v2\/types\/product"
            }
        ],
        "replies": [
            {
                "embeddable": true,
                "href": "https:\/\/mallinuket.fi\/sv\/wp-json\/wp\/v2\/comments?post=2916"
            }
        ],
        "wp:featuredmedia": [
            {
                "embeddable": true,
                "href": "https:\/\/mallinuket.fi\/sv\/wp-json\/wp\/v2\/media\/2917"
            }
        ],
        "wp:attachment": [
            {
                "href": "https:\/\/mallinuket.fi\/sv\/wp-json\/wp\/v2\/media?parent=2916"
            }
        ],
        "wp:term": [
            {
                "taxonomy": "product_brand",
                "embeddable": true,
                "href": "https:\/\/mallinuket.fi\/sv\/wp-json\/wp\/v2\/product_brand?post=2916"
            },
            {
                "taxonomy": "product_cat",
                "embeddable": true,
                "href": "https:\/\/mallinuket.fi\/sv\/wp-json\/wp\/v2\/product_cat?post=2916"
            },
            {
                "taxonomy": "product_tag",
                "embeddable": true,
                "href": "https:\/\/mallinuket.fi\/sv\/wp-json\/wp\/v2\/product_tag?post=2916"
            }
        ],
        "curies": [
            {
                "name": "wp",
                "href": "https:\/\/api.w.org\/{rel}",
                "templated": true
            }
        ]
    }
}